{"id":4974,"date":"2023-06-28T14:29:08","date_gmt":"2023-06-28T14:29:08","guid":{"rendered":"https:\/\/aeat.com.br\/aeat\/?p=4974"},"modified":"2023-07-10T14:31:59","modified_gmt":"2023-07-10T14:31:59","slug":"frente-parlamentar-de-infraestrutura-pluvial-de-taubate","status":"publish","type":"post","link":"https:\/\/aeat.com.br\/aeat\/frente-parlamentar-de-infraestrutura-pluvial-de-taubate\/","title":{"rendered":"Frente Parlamentar de Infraestrutura Pluvial de Taubat\u00e9"},"content":{"rendered":"<p>Representando o CREA-SP, como diretor t\u00e9cnico, o vice presidente da AEAT, Eng. S\u00e1vio Sim\u00f5es (<a class=\"x1i10hfl xjbqb8w x6umtig x1b1mbwd xaqea5y xav7gou x9f619 x1ypdohk xt0psk2 xe8uvvx xdj266r x11i5rnm xat24cr x1mh8g0r xexx8yu x4uap5 x18d9i69 xkhd6sd x16tdsg8 x1hl2dhg xggy1nq x1a2a7pz notranslate _a6hd\" tabindex=\"0\" role=\"link\" href=\"https:\/\/www.instagram.com\/savio_clovis\/\">@savio_clovis<\/a>) esteve, na manh\u00e3 do dia 28 de junho, na C\u00e2mara Municipal de Taubat\u00e9 para participar de uma Reuni\u00e3o proposta pela Frente Parlamentar de Infraestrutura Pluvial. Na ocasi\u00e3o discutiu-se a legisla\u00e7\u00e3o municipal referente a infraestrutura pluvial da cidade e seus efeitos na sociedade taubateana.<\/p>\n\n\t\t<style type=\"text\/css\">\n\t\t\t#gallery-1 {\n\t\t\t\tmargin: auto;\n\t\t\t}\n\t\t\t#gallery-1 .gallery-item {\n\t\t\t\tfloat: left;\n\t\t\t\tmargin-top: 10px;\n\t\t\t\ttext-align: center;\n\t\t\t\twidth: 20%;\n\t\t\t}\n\t\t\t#gallery-1 img {\n\t\t\t\tborder: 2px solid #cfcfcf;\n\t\t\t}\n\t\t\t#gallery-1 .gallery-caption {\n\t\t\t\tmargin-left: 0;\n\t\t\t}\n\t\t\t\/* see gallery_shortcode() in wp-includes\/media.php *\/\n\t\t<\/style>\n\t\t<div id='gallery-1' class='gallery galleryid-4974 gallery-columns-5 gallery-size-thumbnail'><dl class='gallery-item'>\n\t\t\t<dt class='gallery-icon landscape'>\n\t\t\t\t<a href='https:\/\/aeat.com.br\/aeat\/wp-content\/uploads\/2023\/07\/IMG-20230628-WA0027.jpg' title=\"\" data-rl_title=\"\" class=\"rl-gallery-link\" data-rl_caption=\"\" data-rel=\"lightbox-gallery-1\"><img loading=\"lazy\" decoding=\"async\" width=\"150\" height=\"150\" src=\"https:\/\/aeat.com.br\/aeat\/wp-content\/uploads\/2023\/07\/IMG-20230628-WA0027-150x150.jpg\" class=\"attachment-thumbnail size-thumbnail\" alt=\"\" \/><\/a>\n\t\t\t<\/dt><\/dl><dl class='gallery-item'>\n\t\t\t<dt class='gallery-icon landscape'>\n\t\t\t\t<a href='https:\/\/aeat.com.br\/aeat\/wp-content\/uploads\/2023\/07\/IMG-20230628-WA0028.jpg' title=\"\" data-rl_title=\"\" class=\"rl-gallery-link\" data-rl_caption=\"\" data-rel=\"lightbox-gallery-1\"><img loading=\"lazy\" decoding=\"async\" width=\"150\" height=\"150\" src=\"https:\/\/aeat.com.br\/aeat\/wp-content\/uploads\/2023\/07\/IMG-20230628-WA0028-150x150.jpg\" class=\"attachment-thumbnail size-thumbnail\" alt=\"\" \/><\/a>\n\t\t\t<\/dt><\/dl><dl class='gallery-item'>\n\t\t\t<dt class='gallery-icon landscape'>\n\t\t\t\t<a href='https:\/\/aeat.com.br\/aeat\/wp-content\/uploads\/2023\/07\/IMG-20230628-WA0030.jpg' title=\"\" data-rl_title=\"\" class=\"rl-gallery-link\" data-rl_caption=\"\" data-rel=\"lightbox-gallery-1\"><img loading=\"lazy\" decoding=\"async\" width=\"150\" height=\"150\" src=\"https:\/\/aeat.com.br\/aeat\/wp-content\/uploads\/2023\/07\/IMG-20230628-WA0030-150x150.jpg\" class=\"attachment-thumbnail size-thumbnail\" alt=\"\" \/><\/a>\n\t\t\t<\/dt><\/dl><dl class='gallery-item'>\n\t\t\t<dt class='gallery-icon landscape'>\n\t\t\t\t<a href='https:\/\/aeat.com.br\/aeat\/wp-content\/uploads\/2023\/07\/IMG-20230628-WA0031.jpg' title=\"\" data-rl_title=\"\" class=\"rl-gallery-link\" data-rl_caption=\"\" data-rel=\"lightbox-gallery-1\"><img loading=\"lazy\" decoding=\"async\" width=\"150\" height=\"150\" src=\"https:\/\/aeat.com.br\/aeat\/wp-content\/uploads\/2023\/07\/IMG-20230628-WA0031-150x150.jpg\" class=\"attachment-thumbnail size-thumbnail\" alt=\"\" \/><\/a>\n\t\t\t<\/dt><\/dl><dl class='gallery-item'>\n\t\t\t<dt class='gallery-icon landscape'>\n\t\t\t\t<a href='https:\/\/aeat.com.br\/aeat\/wp-content\/uploads\/2023\/07\/IMG-20230628-WA0032.jpg' title=\"\" data-rl_title=\"\" class=\"rl-gallery-link\" data-rl_caption=\"\" data-rel=\"lightbox-gallery-1\"><img loading=\"lazy\" decoding=\"async\" width=\"150\" height=\"150\" src=\"https:\/\/aeat.com.br\/aeat\/wp-content\/uploads\/2023\/07\/IMG-20230628-WA0032-150x150.jpg\" class=\"attachment-thumbnail size-thumbnail\" alt=\"\" \/><\/a>\n\t\t\t<\/dt><\/dl><br style=\"clear: both\" \/>\n\t\t<\/div>\n\n","protected":false},"excerpt":{"rendered":"<p>Representando o CREA-SP, como diretor t\u00e9cnico, o vice presidente da AEAT, Eng. S\u00e1vio Sim\u00f5es (@savio_clovis) esteve, na manh\u00e3 do dia &#8230;<\/p>\n","protected":false},"author":2,"featured_media":0,"comment_status":"open","ping_status":"open","sticky":false,"template":"","format":"standard","meta":{"_acf_changed":false,"footnotes":""},"categories":[3,2,5],"tags":[],"acf":[],"yoast_head":"<!-- This site is optimized with the Yoast SEO plugin v23.1 - https:\/\/yoast.com\/wordpress\/plugins\/seo\/ -->\n<title>Frente Parlamentar de Infraestrutura Pluvial de Taubat\u00e9 - AEAT<\/title>\n<meta name=\"robots\" content=\"index, follow, max-snippet:-1, max-image-preview:large, max-video-preview:-1\" \/>\n<link rel=\"canonical\" href=\"https:\/\/aeat.com.br\/aeat\/frente-parlamentar-de-infraestrutura-pluvial-de-taubate\/\" \/>\n<meta property=\"og:locale\" content=\"pt_BR\" \/>\n<meta property=\"og:type\" content=\"article\" \/>\n<meta property=\"og:title\" content=\"Frente Parlamentar de Infraestrutura Pluvial de Taubat\u00e9 - AEAT\" \/>\n<meta property=\"og:description\" content=\"Representando o CREA-SP, como diretor t\u00e9cnico, o vice presidente da AEAT, Eng. S\u00e1vio Sim\u00f5es (@savio_clovis) esteve, na manh\u00e3 do dia ...\" \/>\n<meta property=\"og:url\" content=\"https:\/\/aeat.com.br\/aeat\/frente-parlamentar-de-infraestrutura-pluvial-de-taubate\/\" \/>\n<meta property=\"og:site_name\" content=\"AEAT\" \/>\n<meta property=\"article:publisher\" content=\"https:\/\/www.facebook.com\/Associa%c3%a7%c3%a3o-dos-Engenheiros-e-Arquitetos-de-Taubat%c3%a9-AEAT-620651287980989\/\" \/>\n<meta property=\"article:published_time\" content=\"2023-06-28T14:29:08+00:00\" \/>\n<meta property=\"article:modified_time\" content=\"2023-07-10T14:31:59+00:00\" \/>\n<meta property=\"og:image\" content=\"https:\/\/aeat.com.br\/aeat\/wp-content\/uploads\/2023\/07\/IMG-20230628-WA0027-150x150.jpg\" \/>\n<meta name=\"author\" content=\"ative\" \/>\n<meta name=\"twitter:card\" content=\"summary_large_image\" \/>\n<meta name=\"twitter:label1\" content=\"Escrito por\" \/>\n\t<meta name=\"twitter:data1\" content=\"ative\" \/>\n\t<meta name=\"twitter:label2\" content=\"Est. tempo de leitura\" \/>\n\t<meta name=\"twitter:data2\" content=\"1 minuto\" \/>\n<script type=\"application\/ld+json\" class=\"yoast-schema-graph\">{\"@context\":\"https:\/\/schema.org\",\"@graph\":[{\"@type\":\"WebPage\",\"@id\":\"https:\/\/aeat.com.br\/aeat\/frente-parlamentar-de-infraestrutura-pluvial-de-taubate\/\",\"url\":\"https:\/\/aeat.com.br\/aeat\/frente-parlamentar-de-infraestrutura-pluvial-de-taubate\/\",\"name\":\"Frente Parlamentar de Infraestrutura Pluvial de Taubat\u00e9 - AEAT\",\"isPartOf\":{\"@id\":\"https:\/\/aeat.com.br\/aeat\/#website\"},\"datePublished\":\"2023-06-28T14:29:08+00:00\",\"dateModified\":\"2023-07-10T14:31:59+00:00\",\"author\":{\"@id\":\"https:\/\/aeat.com.br\/aeat\/#\/schema\/person\/7a7aba9b3b1fe8eadad89e10bdbfb36c\"},\"breadcrumb\":{\"@id\":\"https:\/\/aeat.com.br\/aeat\/frente-parlamentar-de-infraestrutura-pluvial-de-taubate\/#breadcrumb\"},\"inLanguage\":\"pt-BR\",\"potentialAction\":[{\"@type\":\"ReadAction\",\"target\":[\"https:\/\/aeat.com.br\/aeat\/frente-parlamentar-de-infraestrutura-pluvial-de-taubate\/\"]}]},{\"@type\":\"BreadcrumbList\",\"@id\":\"https:\/\/aeat.com.br\/aeat\/frente-parlamentar-de-infraestrutura-pluvial-de-taubate\/#breadcrumb\",\"itemListElement\":[{\"@type\":\"ListItem\",\"position\":1,\"name\":\"Home\",\"item\":\"https:\/\/aeat.com.br\/aeat\/\"},{\"@type\":\"ListItem\",\"position\":2,\"name\":\"Frente Parlamentar de Infraestrutura Pluvial de Taubat\u00e9\"}]},{\"@type\":\"WebSite\",\"@id\":\"https:\/\/aeat.com.br\/aeat\/#website\",\"url\":\"https:\/\/aeat.com.br\/aeat\/\",\"name\":\"AEAT\",\"description\":\"Associa\u00e7\u00e3o dos Engenheiros e Arquitetos de Taubat\u00e9\",\"potentialAction\":[{\"@type\":\"SearchAction\",\"target\":{\"@type\":\"EntryPoint\",\"urlTemplate\":\"https:\/\/aeat.com.br\/aeat\/?s={search_term_string}\"},\"query-input\":\"required name=search_term_string\"}],\"inLanguage\":\"pt-BR\"},{\"@type\":\"Person\",\"@id\":\"https:\/\/aeat.com.br\/aeat\/#\/schema\/person\/7a7aba9b3b1fe8eadad89e10bdbfb36c\",\"name\":\"ative\",\"image\":{\"@type\":\"ImageObject\",\"inLanguage\":\"pt-BR\",\"@id\":\"https:\/\/aeat.com.br\/aeat\/#\/schema\/person\/image\/\",\"url\":\"https:\/\/secure.gravatar.com\/avatar\/3a473cac679c11d09ffe7e439997b593?s=96&d=mm&r=g\",\"contentUrl\":\"https:\/\/secure.gravatar.com\/avatar\/3a473cac679c11d09ffe7e439997b593?s=96&d=mm&r=g\",\"caption\":\"ative\"}}]}<\/script>\n<!-- \/ Yoast SEO plugin. -->","yoast_head_json":{"title":"Frente Parlamentar de Infraestrutura Pluvial de Taubat\u00e9 - AEAT","robots":{"index":"index","follow":"follow","max-snippet":"max-snippet:-1","max-image-preview":"max-image-preview:large","max-video-preview":"max-video-preview:-1"},"canonical":"https:\/\/aeat.com.br\/aeat\/frente-parlamentar-de-infraestrutura-pluvial-de-taubate\/","og_locale":"pt_BR","og_type":"article","og_title":"Frente Parlamentar de Infraestrutura Pluvial de Taubat\u00e9 - AEAT","og_description":"Representando o CREA-SP, como diretor t\u00e9cnico, o vice presidente da AEAT, Eng. S\u00e1vio Sim\u00f5es (@savio_clovis) esteve, na manh\u00e3 do dia ...","og_url":"https:\/\/aeat.com.br\/aeat\/frente-parlamentar-de-infraestrutura-pluvial-de-taubate\/","og_site_name":"AEAT","article_publisher":"https:\/\/www.facebook.com\/Associa%c3%a7%c3%a3o-dos-Engenheiros-e-Arquitetos-de-Taubat%c3%a9-AEAT-620651287980989\/","article_published_time":"2023-06-28T14:29:08+00:00","article_modified_time":"2023-07-10T14:31:59+00:00","og_image":[{"url":"https:\/\/aeat.com.br\/aeat\/wp-content\/uploads\/2023\/07\/IMG-20230628-WA0027-150x150.jpg"}],"author":"ative","twitter_card":"summary_large_image","twitter_misc":{"Escrito por":"ative","Est. tempo de leitura":"1 minuto"},"schema":{"@context":"https:\/\/schema.org","@graph":[{"@type":"WebPage","@id":"https:\/\/aeat.com.br\/aeat\/frente-parlamentar-de-infraestrutura-pluvial-de-taubate\/","url":"https:\/\/aeat.com.br\/aeat\/frente-parlamentar-de-infraestrutura-pluvial-de-taubate\/","name":"Frente Parlamentar de Infraestrutura Pluvial de Taubat\u00e9 - AEAT","isPartOf":{"@id":"https:\/\/aeat.com.br\/aeat\/#website"},"datePublished":"2023-06-28T14:29:08+00:00","dateModified":"2023-07-10T14:31:59+00:00","author":{"@id":"https:\/\/aeat.com.br\/aeat\/#\/schema\/person\/7a7aba9b3b1fe8eadad89e10bdbfb36c"},"breadcrumb":{"@id":"https:\/\/aeat.com.br\/aeat\/frente-parlamentar-de-infraestrutura-pluvial-de-taubate\/#breadcrumb"},"inLanguage":"pt-BR","potentialAction":[{"@type":"ReadAction","target":["https:\/\/aeat.com.br\/aeat\/frente-parlamentar-de-infraestrutura-pluvial-de-taubate\/"]}]},{"@type":"BreadcrumbList","@id":"https:\/\/aeat.com.br\/aeat\/frente-parlamentar-de-infraestrutura-pluvial-de-taubate\/#breadcrumb","itemListElement":[{"@type":"ListItem","position":1,"name":"Home","item":"https:\/\/aeat.com.br\/aeat\/"},{"@type":"ListItem","position":2,"name":"Frente Parlamentar de Infraestrutura Pluvial de Taubat\u00e9"}]},{"@type":"WebSite","@id":"https:\/\/aeat.com.br\/aeat\/#website","url":"https:\/\/aeat.com.br\/aeat\/","name":"AEAT","description":"Associa\u00e7\u00e3o dos Engenheiros e Arquitetos de Taubat\u00e9","potentialAction":[{"@type":"SearchAction","target":{"@type":"EntryPoint","urlTemplate":"https:\/\/aeat.com.br\/aeat\/?s={search_term_string}"},"query-input":"required name=search_term_string"}],"inLanguage":"pt-BR"},{"@type":"Person","@id":"https:\/\/aeat.com.br\/aeat\/#\/schema\/person\/7a7aba9b3b1fe8eadad89e10bdbfb36c","name":"ative","image":{"@type":"ImageObject","inLanguage":"pt-BR","@id":"https:\/\/aeat.com.br\/aeat\/#\/schema\/person\/image\/","url":"https:\/\/secure.gravatar.com\/avatar\/3a473cac679c11d09ffe7e439997b593?s=96&d=mm&r=g","contentUrl":"https:\/\/secure.gravatar.com\/avatar\/3a473cac679c11d09ffe7e439997b593?s=96&d=mm&r=g","caption":"ative"}}]}},"_links":{"self":[{"href":"https:\/\/aeat.com.br\/aeat\/wp-json\/wp\/v2\/posts\/4974"}],"collection":[{"href":"https:\/\/aeat.com.br\/aeat\/wp-json\/wp\/v2\/posts"}],"about":[{"href":"https:\/\/aeat.com.br\/aeat\/wp-json\/wp\/v2\/types\/post"}],"author":[{"embeddable":true,"href":"https:\/\/aeat.com.br\/aeat\/wp-json\/wp\/v2\/users\/2"}],"replies":[{"embeddable":true,"href":"https:\/\/aeat.com.br\/aeat\/wp-json\/wp\/v2\/comments?post=4974"}],"version-history":[{"count":1,"href":"https:\/\/aeat.com.br\/aeat\/wp-json\/wp\/v2\/posts\/4974\/revisions"}],"predecessor-version":[{"id":4980,"href":"https:\/\/aeat.com.br\/aeat\/wp-json\/wp\/v2\/posts\/4974\/revisions\/4980"}],"wp:attachment":[{"href":"https:\/\/aeat.com.br\/aeat\/wp-json\/wp\/v2\/media?parent=4974"}],"wp:term":[{"taxonomy":"category","embeddable":true,"href":"https:\/\/aeat.com.br\/aeat\/wp-json\/wp\/v2\/categories?post=4974"},{"taxonomy":"post_tag","embeddable":true,"href":"https:\/\/aeat.com.br\/aeat\/wp-json\/wp\/v2\/tags?post=4974"}],"curies":[{"name":"wp","href":"https:\/\/api.w.org\/{rel}","templated":true}]}}