{"id":6177,"date":"2025-03-10T15:37:16","date_gmt":"2025-03-10T15:37:16","guid":{"rendered":"https:\/\/aeat.com.br\/aeat\/?p=6177"},"modified":"2025-03-17T12:39:54","modified_gmt":"2025-03-17T12:39:54","slug":"6177-2","status":"publish","type":"post","link":"https:\/\/aeat.com.br\/aeat\/6177-2\/","title":{"rendered":"Engenheira Civil Sandy Villagra participa do nosso Programa de R\u00e1dio"},"content":{"rendered":"<p>Nesta ter\u00e7a-feira, dia 11 de mar\u00e7o, receberemos, no &#8216;Programa Engenharia &amp; Voc\u00ea&#8217;, a Engenheira Civil Sandy Villagra (<a class=\"x1i10hfl xjbqb8w x1ejq31n xd10rxx x1sy0etr x17r0tee x972fbf xcfux6l x1qhh985 xm0m39n x9f619 x1ypdohk xt0psk2 xe8uvvx xdj266r x11i5rnm xat24cr x1mh8g0r xexx8yu x4uap5 x18d9i69 xkhd6sd x16tdsg8 x1hl2dhg xggy1nq x1a2a7pz notranslate _a6hd\" tabindex=\"0\" role=\"link\" href=\"https:\/\/www.instagram.com\/sandy_villagra\/\">@sandy_villagra<\/a>). Ela faz parte da nossa diretoria e participa do especial do Dia Internacional da Mulher! Iremos conversar sobre sua carreira de sucesso e os desafios do mercado de trabalho! A partir das 7h na\u00a0<a class=\"x1i10hfl xjbqb8w x1ejq31n xd10rxx x1sy0etr x17r0tee x972fbf xcfux6l x1qhh985 xm0m39n x9f619 x1ypdohk xt0psk2 xe8uvvx xdj266r x11i5rnm xat24cr x1mh8g0r xexx8yu x4uap5 x18d9i69 xkhd6sd x16tdsg8 x1hl2dhg xggy1nq x1a2a7pz notranslate _a6hd\" tabindex=\"0\" role=\"link\" href=\"https:\/\/www.instagram.com\/99fmsosucesso\/\">@99fmsosucesso<\/a>! N\u00e3o perca! A engenheira Sandy tamb\u00e9m participa do programa do dia 18 de mar\u00e7o.<\/p>\n<p><img loading=\"lazy\" decoding=\"async\" class=\"aligncenter wp-image-6178 img-responsive img-shadow\" src=\"https:\/\/aeat.com.br\/aeat\/wp-content\/uploads\/2025\/03\/20250310_113538-1024x577.jpg\" alt=\"\" width=\"500\" height=\"281\" srcset=\"https:\/\/aeat.com.br\/aeat\/wp-content\/uploads\/2025\/03\/20250310_113538-1024x577.jpg 1024w, https:\/\/aeat.com.br\/aeat\/wp-content\/uploads\/2025\/03\/20250310_113538-300x169.jpg 300w, https:\/\/aeat.com.br\/aeat\/wp-content\/uploads\/2025\/03\/20250310_113538-768x432.jpg 768w, https:\/\/aeat.com.br\/aeat\/wp-content\/uploads\/2025\/03\/20250310_113538-1536x865.jpg 1536w, https:\/\/aeat.com.br\/aeat\/wp-content\/uploads\/2025\/03\/20250310_113538-2048x1153.jpg 2048w\" sizes=\"(max-width: 500px) 100vw, 500px\" \/><\/p>\n<p>&nbsp;<\/p>\n","protected":false},"excerpt":{"rendered":"<p>Nesta ter\u00e7a-feira, dia 11 de mar\u00e7o, receberemos, no &#8216;Programa Engenharia &amp; Voc\u00ea&#8217;, a Engenheira Civil Sandy Villagra (@sandy_villagra). Ela faz &#8230;<\/p>\n","protected":false},"author":2,"featured_media":0,"comment_status":"open","ping_status":"open","sticky":false,"template":"","format":"standard","meta":{"_acf_changed":false,"footnotes":""},"categories":[3,2,5],"tags":[],"acf":[],"yoast_head":"<!-- This site is optimized with the Yoast SEO plugin v23.1 - https:\/\/yoast.com\/wordpress\/plugins\/seo\/ -->\n<title>Engenheira Civil Sandy Villagra participa do nosso Programa de R\u00e1dio - AEAT<\/title>\n<meta name=\"robots\" content=\"index, follow, max-snippet:-1, max-image-preview:large, max-video-preview:-1\" \/>\n<link rel=\"canonical\" href=\"https:\/\/aeat.com.br\/aeat\/6177-2\/\" \/>\n<meta property=\"og:locale\" content=\"pt_BR\" \/>\n<meta property=\"og:type\" content=\"article\" \/>\n<meta property=\"og:title\" content=\"Engenheira Civil Sandy Villagra participa do nosso Programa de R\u00e1dio - AEAT\" \/>\n<meta property=\"og:description\" content=\"Nesta ter\u00e7a-feira, dia 11 de mar\u00e7o, receberemos, no &#8216;Programa Engenharia &amp; Voc\u00ea&#8217;, a Engenheira Civil Sandy Villagra (@sandy_villagra). Ela faz ...\" \/>\n<meta property=\"og:url\" content=\"https:\/\/aeat.com.br\/aeat\/6177-2\/\" \/>\n<meta property=\"og:site_name\" content=\"AEAT\" \/>\n<meta property=\"article:publisher\" content=\"https:\/\/www.facebook.com\/Associa%c3%a7%c3%a3o-dos-Engenheiros-e-Arquitetos-de-Taubat%c3%a9-AEAT-620651287980989\/\" \/>\n<meta property=\"article:published_time\" content=\"2025-03-10T15:37:16+00:00\" \/>\n<meta property=\"article:modified_time\" content=\"2025-03-17T12:39:54+00:00\" \/>\n<meta property=\"og:image\" content=\"https:\/\/aeat.com.br\/aeat\/wp-content\/uploads\/2025\/03\/20250310_113538-1024x577.jpg\" \/>\n<meta name=\"author\" content=\"ative\" \/>\n<meta name=\"twitter:card\" content=\"summary_large_image\" \/>\n<meta name=\"twitter:label1\" content=\"Escrito por\" \/>\n\t<meta name=\"twitter:data1\" content=\"ative\" \/>\n\t<meta name=\"twitter:label2\" content=\"Est. tempo de leitura\" \/>\n\t<meta name=\"twitter:data2\" content=\"1 minuto\" \/>\n<script type=\"application\/ld+json\" class=\"yoast-schema-graph\">{\"@context\":\"https:\/\/schema.org\",\"@graph\":[{\"@type\":\"WebPage\",\"@id\":\"https:\/\/aeat.com.br\/aeat\/6177-2\/\",\"url\":\"https:\/\/aeat.com.br\/aeat\/6177-2\/\",\"name\":\"Engenheira Civil Sandy Villagra participa do nosso Programa de R\u00e1dio - AEAT\",\"isPartOf\":{\"@id\":\"https:\/\/aeat.com.br\/aeat\/#website\"},\"primaryImageOfPage\":{\"@id\":\"https:\/\/aeat.com.br\/aeat\/6177-2\/#primaryimage\"},\"image\":{\"@id\":\"https:\/\/aeat.com.br\/aeat\/6177-2\/#primaryimage\"},\"thumbnailUrl\":\"https:\/\/aeat.com.br\/aeat\/wp-content\/uploads\/2025\/03\/20250310_113538-1024x577.jpg\",\"datePublished\":\"2025-03-10T15:37:16+00:00\",\"dateModified\":\"2025-03-17T12:39:54+00:00\",\"author\":{\"@id\":\"https:\/\/aeat.com.br\/aeat\/#\/schema\/person\/7a7aba9b3b1fe8eadad89e10bdbfb36c\"},\"breadcrumb\":{\"@id\":\"https:\/\/aeat.com.br\/aeat\/6177-2\/#breadcrumb\"},\"inLanguage\":\"pt-BR\",\"potentialAction\":[{\"@type\":\"ReadAction\",\"target\":[\"https:\/\/aeat.com.br\/aeat\/6177-2\/\"]}]},{\"@type\":\"ImageObject\",\"inLanguage\":\"pt-BR\",\"@id\":\"https:\/\/aeat.com.br\/aeat\/6177-2\/#primaryimage\",\"url\":\"https:\/\/aeat.com.br\/aeat\/wp-content\/uploads\/2025\/03\/20250310_113538-scaled.jpg\",\"contentUrl\":\"https:\/\/aeat.com.br\/aeat\/wp-content\/uploads\/2025\/03\/20250310_113538-scaled.jpg\",\"width\":2560,\"height\":1441},{\"@type\":\"BreadcrumbList\",\"@id\":\"https:\/\/aeat.com.br\/aeat\/6177-2\/#breadcrumb\",\"itemListElement\":[{\"@type\":\"ListItem\",\"position\":1,\"name\":\"Home\",\"item\":\"https:\/\/aeat.com.br\/aeat\/\"},{\"@type\":\"ListItem\",\"position\":2,\"name\":\"Engenheira Civil Sandy Villagra participa do nosso Programa de R\u00e1dio\"}]},{\"@type\":\"WebSite\",\"@id\":\"https:\/\/aeat.com.br\/aeat\/#website\",\"url\":\"https:\/\/aeat.com.br\/aeat\/\",\"name\":\"AEAT\",\"description\":\"Associa\u00e7\u00e3o dos Engenheiros e Arquitetos de Taubat\u00e9\",\"potentialAction\":[{\"@type\":\"SearchAction\",\"target\":{\"@type\":\"EntryPoint\",\"urlTemplate\":\"https:\/\/aeat.com.br\/aeat\/?s={search_term_string}\"},\"query-input\":\"required name=search_term_string\"}],\"inLanguage\":\"pt-BR\"},{\"@type\":\"Person\",\"@id\":\"https:\/\/aeat.com.br\/aeat\/#\/schema\/person\/7a7aba9b3b1fe8eadad89e10bdbfb36c\",\"name\":\"ative\",\"image\":{\"@type\":\"ImageObject\",\"inLanguage\":\"pt-BR\",\"@id\":\"https:\/\/aeat.com.br\/aeat\/#\/schema\/person\/image\/\",\"url\":\"https:\/\/secure.gravatar.com\/avatar\/3a473cac679c11d09ffe7e439997b593?s=96&d=mm&r=g\",\"contentUrl\":\"https:\/\/secure.gravatar.com\/avatar\/3a473cac679c11d09ffe7e439997b593?s=96&d=mm&r=g\",\"caption\":\"ative\"}}]}<\/script>\n<!-- \/ Yoast SEO plugin. -->","yoast_head_json":{"title":"Engenheira Civil Sandy Villagra participa do nosso Programa de R\u00e1dio - AEAT","robots":{"index":"index","follow":"follow","max-snippet":"max-snippet:-1","max-image-preview":"max-image-preview:large","max-video-preview":"max-video-preview:-1"},"canonical":"https:\/\/aeat.com.br\/aeat\/6177-2\/","og_locale":"pt_BR","og_type":"article","og_title":"Engenheira Civil Sandy Villagra participa do nosso Programa de R\u00e1dio - AEAT","og_description":"Nesta ter\u00e7a-feira, dia 11 de mar\u00e7o, receberemos, no &#8216;Programa Engenharia &amp; Voc\u00ea&#8217;, a Engenheira Civil Sandy Villagra (@sandy_villagra). Ela faz ...","og_url":"https:\/\/aeat.com.br\/aeat\/6177-2\/","og_site_name":"AEAT","article_publisher":"https:\/\/www.facebook.com\/Associa%c3%a7%c3%a3o-dos-Engenheiros-e-Arquitetos-de-Taubat%c3%a9-AEAT-620651287980989\/","article_published_time":"2025-03-10T15:37:16+00:00","article_modified_time":"2025-03-17T12:39:54+00:00","og_image":[{"url":"https:\/\/aeat.com.br\/aeat\/wp-content\/uploads\/2025\/03\/20250310_113538-1024x577.jpg"}],"author":"ative","twitter_card":"summary_large_image","twitter_misc":{"Escrito por":"ative","Est. tempo de leitura":"1 minuto"},"schema":{"@context":"https:\/\/schema.org","@graph":[{"@type":"WebPage","@id":"https:\/\/aeat.com.br\/aeat\/6177-2\/","url":"https:\/\/aeat.com.br\/aeat\/6177-2\/","name":"Engenheira Civil Sandy Villagra participa do nosso Programa de R\u00e1dio - AEAT","isPartOf":{"@id":"https:\/\/aeat.com.br\/aeat\/#website"},"primaryImageOfPage":{"@id":"https:\/\/aeat.com.br\/aeat\/6177-2\/#primaryimage"},"image":{"@id":"https:\/\/aeat.com.br\/aeat\/6177-2\/#primaryimage"},"thumbnailUrl":"https:\/\/aeat.com.br\/aeat\/wp-content\/uploads\/2025\/03\/20250310_113538-1024x577.jpg","datePublished":"2025-03-10T15:37:16+00:00","dateModified":"2025-03-17T12:39:54+00:00","author":{"@id":"https:\/\/aeat.com.br\/aeat\/#\/schema\/person\/7a7aba9b3b1fe8eadad89e10bdbfb36c"},"breadcrumb":{"@id":"https:\/\/aeat.com.br\/aeat\/6177-2\/#breadcrumb"},"inLanguage":"pt-BR","potentialAction":[{"@type":"ReadAction","target":["https:\/\/aeat.com.br\/aeat\/6177-2\/"]}]},{"@type":"ImageObject","inLanguage":"pt-BR","@id":"https:\/\/aeat.com.br\/aeat\/6177-2\/#primaryimage","url":"https:\/\/aeat.com.br\/aeat\/wp-content\/uploads\/2025\/03\/20250310_113538-scaled.jpg","contentUrl":"https:\/\/aeat.com.br\/aeat\/wp-content\/uploads\/2025\/03\/20250310_113538-scaled.jpg","width":2560,"height":1441},{"@type":"BreadcrumbList","@id":"https:\/\/aeat.com.br\/aeat\/6177-2\/#breadcrumb","itemListElement":[{"@type":"ListItem","position":1,"name":"Home","item":"https:\/\/aeat.com.br\/aeat\/"},{"@type":"ListItem","position":2,"name":"Engenheira Civil Sandy Villagra participa do nosso Programa de R\u00e1dio"}]},{"@type":"WebSite","@id":"https:\/\/aeat.com.br\/aeat\/#website","url":"https:\/\/aeat.com.br\/aeat\/","name":"AEAT","description":"Associa\u00e7\u00e3o dos Engenheiros e Arquitetos de Taubat\u00e9","potentialAction":[{"@type":"SearchAction","target":{"@type":"EntryPoint","urlTemplate":"https:\/\/aeat.com.br\/aeat\/?s={search_term_string}"},"query-input":"required name=search_term_string"}],"inLanguage":"pt-BR"},{"@type":"Person","@id":"https:\/\/aeat.com.br\/aeat\/#\/schema\/person\/7a7aba9b3b1fe8eadad89e10bdbfb36c","name":"ative","image":{"@type":"ImageObject","inLanguage":"pt-BR","@id":"https:\/\/aeat.com.br\/aeat\/#\/schema\/person\/image\/","url":"https:\/\/secure.gravatar.com\/avatar\/3a473cac679c11d09ffe7e439997b593?s=96&d=mm&r=g","contentUrl":"https:\/\/secure.gravatar.com\/avatar\/3a473cac679c11d09ffe7e439997b593?s=96&d=mm&r=g","caption":"ative"}}]}},"_links":{"self":[{"href":"https:\/\/aeat.com.br\/aeat\/wp-json\/wp\/v2\/posts\/6177"}],"collection":[{"href":"https:\/\/aeat.com.br\/aeat\/wp-json\/wp\/v2\/posts"}],"about":[{"href":"https:\/\/aeat.com.br\/aeat\/wp-json\/wp\/v2\/types\/post"}],"author":[{"embeddable":true,"href":"https:\/\/aeat.com.br\/aeat\/wp-json\/wp\/v2\/users\/2"}],"replies":[{"embeddable":true,"href":"https:\/\/aeat.com.br\/aeat\/wp-json\/wp\/v2\/comments?post=6177"}],"version-history":[{"count":2,"href":"https:\/\/aeat.com.br\/aeat\/wp-json\/wp\/v2\/posts\/6177\/revisions"}],"predecessor-version":[{"id":6180,"href":"https:\/\/aeat.com.br\/aeat\/wp-json\/wp\/v2\/posts\/6177\/revisions\/6180"}],"wp:attachment":[{"href":"https:\/\/aeat.com.br\/aeat\/wp-json\/wp\/v2\/media?parent=6177"}],"wp:term":[{"taxonomy":"category","embeddable":true,"href":"https:\/\/aeat.com.br\/aeat\/wp-json\/wp\/v2\/categories?post=6177"},{"taxonomy":"post_tag","embeddable":true,"href":"https:\/\/aeat.com.br\/aeat\/wp-json\/wp\/v2\/tags?post=6177"}],"curies":[{"name":"wp","href":"https:\/\/api.w.org\/{rel}","templated":true}]}}