{"id":6325,"date":"2025-09-03T14:56:28","date_gmt":"2025-09-03T14:56:28","guid":{"rendered":"https:\/\/aeat.com.br\/aeat\/?p=6325"},"modified":"2025-10-22T15:00:36","modified_gmt":"2025-10-22T15:00:36","slug":"inscricoes-abertas-curso-ai-e-a-engenharia-da-comunicacao-ao-mercado-de-trabalho","status":"publish","type":"post","link":"https:\/\/aeat.com.br\/aeat\/inscricoes-abertas-curso-ai-e-a-engenharia-da-comunicacao-ao-mercado-de-trabalho\/","title":{"rendered":"Inscri\u00e7\u00f5es abertas: Curso: AI e a Engenharia da Comunica\u00e7\u00e3o ao Mercado de Trabalho"},"content":{"rendered":"<p data-start=\"138\" data-end=\"436\">A AEAT convida seus associados e os profissionais da regi\u00e3o para participar do curso\u00a0<strong data-start=\"239\" data-end=\"302\">\u201cAI e a Engenharia \u2013 da Comunica\u00e7\u00e3o ao Mercado de Trabalho\u201d<\/strong>, uma oportunidade \u00fanica de compreender como a Intelig\u00eancia Artificial est\u00e1 transformando a atua\u00e7\u00e3o dos profissionais de engenharia. <strong><a href=\"https:\/\/www.sympla.com.br\/evento\/curso-ai-e-a-engenharia--da-comunicacao-ao-mercado-de-trabalho\/3108570\">[CLIQUE AQUI E INSCREVA-SE]<\/a><\/strong><\/p>\n<p data-start=\"138\" data-end=\"436\"><b>Dia 21.10.2025 | Das 19h \u00e0s 22h | Na sede da AEAT.<\/b><\/p>\n<p data-start=\"438\" data-end=\"966\">Em um mundo cada vez mais conectado e competitivo, dominar as ferramentas de IA vai muito al\u00e9m da tecnologia: \u00e9 um diferencial estrat\u00e9gico tanto na comunica\u00e7\u00e3o quanto no posicionamento no mercado de trabalho. Durante as 3 horas de curso, os participantes ter\u00e3o contato com conceitos atuais, exemplos pr\u00e1ticos e atividades que mostram como utilizar a Intelig\u00eancia Artificial para otimizar a produ\u00e7\u00e3o de conte\u00fados t\u00e9cnicos e acess\u00edveis para redes sociais, aprimorar a comunica\u00e7\u00e3o com clientes e fortalecer a imagem profissional.<\/p>\n<p data-start=\"968\" data-end=\"1404\">Participar desse curso \u00e9 investir no futuro da profiss\u00e3o e na valoriza\u00e7\u00e3o da engenharia, acompanhando as transforma\u00e7\u00f5es que a tecnologia imp\u00f5e ao mercado. A AEAT refor\u00e7a seu compromisso em oferecer capacita\u00e7\u00e3o de qualidade, alinhada \u00e0s novas demandas, e convida todos os associados a se engajarem nessa jornada de aprendizado e inova\u00e7\u00e3o.<\/p>\n<p><img loading=\"lazy\" decoding=\"async\" class=\"wp-image-6328 img-responsive img-shadow\" src=\"https:\/\/aeat.com.br\/aeat\/wp-content\/uploads\/2025\/09\/Banner-Curso-AEAT-Sympla.jpg\" alt=\"\" width=\"550\" height=\"687\" srcset=\"https:\/\/aeat.com.br\/aeat\/wp-content\/uploads\/2025\/09\/Banner-Curso-AEAT-Sympla.jpg 750w, https:\/\/aeat.com.br\/aeat\/wp-content\/uploads\/2025\/09\/Banner-Curso-AEAT-Sympla-240x300.jpg 240w\" sizes=\"(max-width: 550px) 100vw, 550px\" \/><\/p>\n","protected":false},"excerpt":{"rendered":"<p>A AEAT convida seus associados e os profissionais da regi\u00e3o para participar do curso\u00a0\u201cAI e a Engenharia \u2013 da Comunica\u00e7\u00e3o &#8230;<\/p>\n","protected":false},"author":2,"featured_media":0,"comment_status":"open","ping_status":"open","sticky":false,"template":"","format":"standard","meta":{"_acf_changed":false,"footnotes":""},"categories":[3,9],"tags":[],"acf":[],"yoast_head":"<!-- This site is optimized with the Yoast SEO plugin v23.1 - https:\/\/yoast.com\/wordpress\/plugins\/seo\/ -->\n<title>Inscri\u00e7\u00f5es abertas: Curso: AI e a Engenharia da Comunica\u00e7\u00e3o ao Mercado de Trabalho - AEAT<\/title>\n<meta name=\"robots\" content=\"index, follow, max-snippet:-1, max-image-preview:large, max-video-preview:-1\" \/>\n<link rel=\"canonical\" href=\"https:\/\/aeat.com.br\/aeat\/inscricoes-abertas-curso-ai-e-a-engenharia-da-comunicacao-ao-mercado-de-trabalho\/\" \/>\n<meta property=\"og:locale\" content=\"pt_BR\" \/>\n<meta property=\"og:type\" content=\"article\" \/>\n<meta property=\"og:title\" content=\"Inscri\u00e7\u00f5es abertas: Curso: AI e a Engenharia da Comunica\u00e7\u00e3o ao Mercado de Trabalho - AEAT\" \/>\n<meta property=\"og:description\" content=\"A AEAT convida seus associados e os profissionais da regi\u00e3o para participar do curso\u00a0\u201cAI e a Engenharia \u2013 da Comunica\u00e7\u00e3o ...\" \/>\n<meta property=\"og:url\" content=\"https:\/\/aeat.com.br\/aeat\/inscricoes-abertas-curso-ai-e-a-engenharia-da-comunicacao-ao-mercado-de-trabalho\/\" \/>\n<meta property=\"og:site_name\" content=\"AEAT\" \/>\n<meta property=\"article:publisher\" content=\"https:\/\/www.facebook.com\/Associa%c3%a7%c3%a3o-dos-Engenheiros-e-Arquitetos-de-Taubat%c3%a9-AEAT-620651287980989\/\" \/>\n<meta property=\"article:published_time\" content=\"2025-09-03T14:56:28+00:00\" \/>\n<meta property=\"article:modified_time\" content=\"2025-10-22T15:00:36+00:00\" \/>\n<meta property=\"og:image\" content=\"https:\/\/aeat.com.br\/aeat\/wp-content\/uploads\/2025\/09\/Banner-Curso-AEAT-Sympla.jpg\" \/>\n<meta name=\"author\" content=\"ative\" \/>\n<meta name=\"twitter:card\" content=\"summary_large_image\" \/>\n<meta name=\"twitter:label1\" content=\"Escrito por\" \/>\n\t<meta name=\"twitter:data1\" content=\"ative\" \/>\n\t<meta name=\"twitter:label2\" content=\"Est. tempo de leitura\" \/>\n\t<meta name=\"twitter:data2\" content=\"2 minutos\" \/>\n<script type=\"application\/ld+json\" class=\"yoast-schema-graph\">{\"@context\":\"https:\/\/schema.org\",\"@graph\":[{\"@type\":\"WebPage\",\"@id\":\"https:\/\/aeat.com.br\/aeat\/inscricoes-abertas-curso-ai-e-a-engenharia-da-comunicacao-ao-mercado-de-trabalho\/\",\"url\":\"https:\/\/aeat.com.br\/aeat\/inscricoes-abertas-curso-ai-e-a-engenharia-da-comunicacao-ao-mercado-de-trabalho\/\",\"name\":\"Inscri\u00e7\u00f5es abertas: Curso: AI e a Engenharia da Comunica\u00e7\u00e3o ao Mercado de Trabalho - AEAT\",\"isPartOf\":{\"@id\":\"https:\/\/aeat.com.br\/aeat\/#website\"},\"primaryImageOfPage\":{\"@id\":\"https:\/\/aeat.com.br\/aeat\/inscricoes-abertas-curso-ai-e-a-engenharia-da-comunicacao-ao-mercado-de-trabalho\/#primaryimage\"},\"image\":{\"@id\":\"https:\/\/aeat.com.br\/aeat\/inscricoes-abertas-curso-ai-e-a-engenharia-da-comunicacao-ao-mercado-de-trabalho\/#primaryimage\"},\"thumbnailUrl\":\"https:\/\/aeat.com.br\/aeat\/wp-content\/uploads\/2025\/09\/Banner-Curso-AEAT-Sympla.jpg\",\"datePublished\":\"2025-09-03T14:56:28+00:00\",\"dateModified\":\"2025-10-22T15:00:36+00:00\",\"author\":{\"@id\":\"https:\/\/aeat.com.br\/aeat\/#\/schema\/person\/7a7aba9b3b1fe8eadad89e10bdbfb36c\"},\"breadcrumb\":{\"@id\":\"https:\/\/aeat.com.br\/aeat\/inscricoes-abertas-curso-ai-e-a-engenharia-da-comunicacao-ao-mercado-de-trabalho\/#breadcrumb\"},\"inLanguage\":\"pt-BR\",\"potentialAction\":[{\"@type\":\"ReadAction\",\"target\":[\"https:\/\/aeat.com.br\/aeat\/inscricoes-abertas-curso-ai-e-a-engenharia-da-comunicacao-ao-mercado-de-trabalho\/\"]}]},{\"@type\":\"ImageObject\",\"inLanguage\":\"pt-BR\",\"@id\":\"https:\/\/aeat.com.br\/aeat\/inscricoes-abertas-curso-ai-e-a-engenharia-da-comunicacao-ao-mercado-de-trabalho\/#primaryimage\",\"url\":\"https:\/\/aeat.com.br\/aeat\/wp-content\/uploads\/2025\/09\/Banner-Curso-AEAT-Sympla.jpg\",\"contentUrl\":\"https:\/\/aeat.com.br\/aeat\/wp-content\/uploads\/2025\/09\/Banner-Curso-AEAT-Sympla.jpg\",\"width\":750,\"height\":937,\"caption\":\"Purple and White Modern Chat AI Instagram Post - 1\"},{\"@type\":\"BreadcrumbList\",\"@id\":\"https:\/\/aeat.com.br\/aeat\/inscricoes-abertas-curso-ai-e-a-engenharia-da-comunicacao-ao-mercado-de-trabalho\/#breadcrumb\",\"itemListElement\":[{\"@type\":\"ListItem\",\"position\":1,\"name\":\"Home\",\"item\":\"https:\/\/aeat.com.br\/aeat\/\"},{\"@type\":\"ListItem\",\"position\":2,\"name\":\"Inscri\u00e7\u00f5es abertas: Curso: AI e a Engenharia da Comunica\u00e7\u00e3o ao Mercado de Trabalho\"}]},{\"@type\":\"WebSite\",\"@id\":\"https:\/\/aeat.com.br\/aeat\/#website\",\"url\":\"https:\/\/aeat.com.br\/aeat\/\",\"name\":\"AEAT\",\"description\":\"Associa\u00e7\u00e3o dos Engenheiros e Arquitetos de Taubat\u00e9\",\"potentialAction\":[{\"@type\":\"SearchAction\",\"target\":{\"@type\":\"EntryPoint\",\"urlTemplate\":\"https:\/\/aeat.com.br\/aeat\/?s={search_term_string}\"},\"query-input\":\"required name=search_term_string\"}],\"inLanguage\":\"pt-BR\"},{\"@type\":\"Person\",\"@id\":\"https:\/\/aeat.com.br\/aeat\/#\/schema\/person\/7a7aba9b3b1fe8eadad89e10bdbfb36c\",\"name\":\"ative\",\"image\":{\"@type\":\"ImageObject\",\"inLanguage\":\"pt-BR\",\"@id\":\"https:\/\/aeat.com.br\/aeat\/#\/schema\/person\/image\/\",\"url\":\"https:\/\/secure.gravatar.com\/avatar\/3a473cac679c11d09ffe7e439997b593?s=96&d=mm&r=g\",\"contentUrl\":\"https:\/\/secure.gravatar.com\/avatar\/3a473cac679c11d09ffe7e439997b593?s=96&d=mm&r=g\",\"caption\":\"ative\"}}]}<\/script>\n<!-- \/ Yoast SEO plugin. -->","yoast_head_json":{"title":"Inscri\u00e7\u00f5es abertas: Curso: AI e a Engenharia da Comunica\u00e7\u00e3o ao Mercado de Trabalho - AEAT","robots":{"index":"index","follow":"follow","max-snippet":"max-snippet:-1","max-image-preview":"max-image-preview:large","max-video-preview":"max-video-preview:-1"},"canonical":"https:\/\/aeat.com.br\/aeat\/inscricoes-abertas-curso-ai-e-a-engenharia-da-comunicacao-ao-mercado-de-trabalho\/","og_locale":"pt_BR","og_type":"article","og_title":"Inscri\u00e7\u00f5es abertas: Curso: AI e a Engenharia da Comunica\u00e7\u00e3o ao Mercado de Trabalho - AEAT","og_description":"A AEAT convida seus associados e os profissionais da regi\u00e3o para participar do curso\u00a0\u201cAI e a Engenharia \u2013 da Comunica\u00e7\u00e3o ...","og_url":"https:\/\/aeat.com.br\/aeat\/inscricoes-abertas-curso-ai-e-a-engenharia-da-comunicacao-ao-mercado-de-trabalho\/","og_site_name":"AEAT","article_publisher":"https:\/\/www.facebook.com\/Associa%c3%a7%c3%a3o-dos-Engenheiros-e-Arquitetos-de-Taubat%c3%a9-AEAT-620651287980989\/","article_published_time":"2025-09-03T14:56:28+00:00","article_modified_time":"2025-10-22T15:00:36+00:00","og_image":[{"url":"https:\/\/aeat.com.br\/aeat\/wp-content\/uploads\/2025\/09\/Banner-Curso-AEAT-Sympla.jpg"}],"author":"ative","twitter_card":"summary_large_image","twitter_misc":{"Escrito por":"ative","Est. tempo de leitura":"2 minutos"},"schema":{"@context":"https:\/\/schema.org","@graph":[{"@type":"WebPage","@id":"https:\/\/aeat.com.br\/aeat\/inscricoes-abertas-curso-ai-e-a-engenharia-da-comunicacao-ao-mercado-de-trabalho\/","url":"https:\/\/aeat.com.br\/aeat\/inscricoes-abertas-curso-ai-e-a-engenharia-da-comunicacao-ao-mercado-de-trabalho\/","name":"Inscri\u00e7\u00f5es abertas: Curso: AI e a Engenharia da Comunica\u00e7\u00e3o ao Mercado de Trabalho - AEAT","isPartOf":{"@id":"https:\/\/aeat.com.br\/aeat\/#website"},"primaryImageOfPage":{"@id":"https:\/\/aeat.com.br\/aeat\/inscricoes-abertas-curso-ai-e-a-engenharia-da-comunicacao-ao-mercado-de-trabalho\/#primaryimage"},"image":{"@id":"https:\/\/aeat.com.br\/aeat\/inscricoes-abertas-curso-ai-e-a-engenharia-da-comunicacao-ao-mercado-de-trabalho\/#primaryimage"},"thumbnailUrl":"https:\/\/aeat.com.br\/aeat\/wp-content\/uploads\/2025\/09\/Banner-Curso-AEAT-Sympla.jpg","datePublished":"2025-09-03T14:56:28+00:00","dateModified":"2025-10-22T15:00:36+00:00","author":{"@id":"https:\/\/aeat.com.br\/aeat\/#\/schema\/person\/7a7aba9b3b1fe8eadad89e10bdbfb36c"},"breadcrumb":{"@id":"https:\/\/aeat.com.br\/aeat\/inscricoes-abertas-curso-ai-e-a-engenharia-da-comunicacao-ao-mercado-de-trabalho\/#breadcrumb"},"inLanguage":"pt-BR","potentialAction":[{"@type":"ReadAction","target":["https:\/\/aeat.com.br\/aeat\/inscricoes-abertas-curso-ai-e-a-engenharia-da-comunicacao-ao-mercado-de-trabalho\/"]}]},{"@type":"ImageObject","inLanguage":"pt-BR","@id":"https:\/\/aeat.com.br\/aeat\/inscricoes-abertas-curso-ai-e-a-engenharia-da-comunicacao-ao-mercado-de-trabalho\/#primaryimage","url":"https:\/\/aeat.com.br\/aeat\/wp-content\/uploads\/2025\/09\/Banner-Curso-AEAT-Sympla.jpg","contentUrl":"https:\/\/aeat.com.br\/aeat\/wp-content\/uploads\/2025\/09\/Banner-Curso-AEAT-Sympla.jpg","width":750,"height":937,"caption":"Purple and White Modern Chat AI Instagram Post - 1"},{"@type":"BreadcrumbList","@id":"https:\/\/aeat.com.br\/aeat\/inscricoes-abertas-curso-ai-e-a-engenharia-da-comunicacao-ao-mercado-de-trabalho\/#breadcrumb","itemListElement":[{"@type":"ListItem","position":1,"name":"Home","item":"https:\/\/aeat.com.br\/aeat\/"},{"@type":"ListItem","position":2,"name":"Inscri\u00e7\u00f5es abertas: Curso: AI e a Engenharia da Comunica\u00e7\u00e3o ao Mercado de Trabalho"}]},{"@type":"WebSite","@id":"https:\/\/aeat.com.br\/aeat\/#website","url":"https:\/\/aeat.com.br\/aeat\/","name":"AEAT","description":"Associa\u00e7\u00e3o dos Engenheiros e Arquitetos de Taubat\u00e9","potentialAction":[{"@type":"SearchAction","target":{"@type":"EntryPoint","urlTemplate":"https:\/\/aeat.com.br\/aeat\/?s={search_term_string}"},"query-input":"required name=search_term_string"}],"inLanguage":"pt-BR"},{"@type":"Person","@id":"https:\/\/aeat.com.br\/aeat\/#\/schema\/person\/7a7aba9b3b1fe8eadad89e10bdbfb36c","name":"ative","image":{"@type":"ImageObject","inLanguage":"pt-BR","@id":"https:\/\/aeat.com.br\/aeat\/#\/schema\/person\/image\/","url":"https:\/\/secure.gravatar.com\/avatar\/3a473cac679c11d09ffe7e439997b593?s=96&d=mm&r=g","contentUrl":"https:\/\/secure.gravatar.com\/avatar\/3a473cac679c11d09ffe7e439997b593?s=96&d=mm&r=g","caption":"ative"}}]}},"_links":{"self":[{"href":"https:\/\/aeat.com.br\/aeat\/wp-json\/wp\/v2\/posts\/6325"}],"collection":[{"href":"https:\/\/aeat.com.br\/aeat\/wp-json\/wp\/v2\/posts"}],"about":[{"href":"https:\/\/aeat.com.br\/aeat\/wp-json\/wp\/v2\/types\/post"}],"author":[{"embeddable":true,"href":"https:\/\/aeat.com.br\/aeat\/wp-json\/wp\/v2\/users\/2"}],"replies":[{"embeddable":true,"href":"https:\/\/aeat.com.br\/aeat\/wp-json\/wp\/v2\/comments?post=6325"}],"version-history":[{"count":3,"href":"https:\/\/aeat.com.br\/aeat\/wp-json\/wp\/v2\/posts\/6325\/revisions"}],"predecessor-version":[{"id":6333,"href":"https:\/\/aeat.com.br\/aeat\/wp-json\/wp\/v2\/posts\/6325\/revisions\/6333"}],"wp:attachment":[{"href":"https:\/\/aeat.com.br\/aeat\/wp-json\/wp\/v2\/media?parent=6325"}],"wp:term":[{"taxonomy":"category","embeddable":true,"href":"https:\/\/aeat.com.br\/aeat\/wp-json\/wp\/v2\/categories?post=6325"},{"taxonomy":"post_tag","embeddable":true,"href":"https:\/\/aeat.com.br\/aeat\/wp-json\/wp\/v2\/tags?post=6325"}],"curies":[{"name":"wp","href":"https:\/\/api.w.org\/{rel}","templated":true}]}}