{"id":6351,"date":"2025-09-23T13:26:04","date_gmt":"2025-09-23T13:26:04","guid":{"rendered":"https:\/\/aeat.com.br\/aeat\/?p=6351"},"modified":"2025-09-24T13:45:48","modified_gmt":"2025-09-24T13:45:48","slug":"programa-engenharia-e-voce-construindo-com-o-futuro-na-radio-99","status":"publish","type":"post","link":"https:\/\/aeat.com.br\/aeat\/programa-engenharia-e-voce-construindo-com-o-futuro-na-radio-99\/","title":{"rendered":"Programa &#8216;Engenharia e Voc\u00ea &#8211; Construindo com o futuro&#8217; na R\u00e1dio 99"},"content":{"rendered":"<p>O Prof. Eng. Ivair Alves dos Santos, docente da UNITAU, Conselheiro do CREA-SP e membro da diretoria de AEAT, participou das grava\u00e7\u00f5es do Programa da AEAT &#8220;Engenharia &amp; Voc\u00ea \u2013 Construindo o Futuro&#8221;, que \u00e9 veiculado na R\u00e1dio 99 FM, todas as ter\u00e7as-feiras, \u00e0s 7h. Agradecemos a participa\u00e7\u00e3o do professor e convidamos a todos a acompanhar.<\/p>\n<p><img loading=\"lazy\" decoding=\"async\" class=\"aligncenter wp-image-6353 img-responsive img-shadow\" src=\"https:\/\/aeat.com.br\/aeat\/wp-content\/uploads\/2025\/09\/20250922_115210-1-1024x577.jpg\" alt=\"\" width=\"600\" height=\"338\" srcset=\"https:\/\/aeat.com.br\/aeat\/wp-content\/uploads\/2025\/09\/20250922_115210-1-1024x577.jpg 1024w, https:\/\/aeat.com.br\/aeat\/wp-content\/uploads\/2025\/09\/20250922_115210-1-300x169.jpg 300w, https:\/\/aeat.com.br\/aeat\/wp-content\/uploads\/2025\/09\/20250922_115210-1-768x432.jpg 768w, https:\/\/aeat.com.br\/aeat\/wp-content\/uploads\/2025\/09\/20250922_115210-1-1536x865.jpg 1536w, https:\/\/aeat.com.br\/aeat\/wp-content\/uploads\/2025\/09\/20250922_115210-1-2048x1153.jpg 2048w\" sizes=\"(max-width: 600px) 100vw, 600px\" \/><\/p>\n","protected":false},"excerpt":{"rendered":"<p>O Prof. Eng. Ivair Alves dos Santos, docente da UNITAU, Conselheiro do CREA-SP e membro da diretoria de AEAT, participou &#8230;<\/p>\n","protected":false},"author":2,"featured_media":0,"comment_status":"open","ping_status":"open","sticky":false,"template":"","format":"standard","meta":{"_acf_changed":false,"footnotes":""},"categories":[3,2,5],"tags":[],"acf":[],"yoast_head":"<!-- This site is optimized with the Yoast SEO plugin v23.1 - https:\/\/yoast.com\/wordpress\/plugins\/seo\/ -->\n<title>Programa &#039;Engenharia e Voc\u00ea - Construindo com o futuro&#039; na R\u00e1dio 99 - AEAT<\/title>\n<meta name=\"robots\" content=\"index, follow, max-snippet:-1, max-image-preview:large, max-video-preview:-1\" \/>\n<link rel=\"canonical\" href=\"https:\/\/aeat.com.br\/aeat\/programa-engenharia-e-voce-construindo-com-o-futuro-na-radio-99\/\" \/>\n<meta property=\"og:locale\" content=\"pt_BR\" \/>\n<meta property=\"og:type\" content=\"article\" \/>\n<meta property=\"og:title\" content=\"Programa &#039;Engenharia e Voc\u00ea - Construindo com o futuro&#039; na R\u00e1dio 99 - AEAT\" \/>\n<meta property=\"og:description\" content=\"O Prof. Eng. Ivair Alves dos Santos, docente da UNITAU, Conselheiro do CREA-SP e membro da diretoria de AEAT, participou ...\" \/>\n<meta property=\"og:url\" content=\"https:\/\/aeat.com.br\/aeat\/programa-engenharia-e-voce-construindo-com-o-futuro-na-radio-99\/\" \/>\n<meta property=\"og:site_name\" content=\"AEAT\" \/>\n<meta property=\"article:publisher\" content=\"https:\/\/www.facebook.com\/Associa%c3%a7%c3%a3o-dos-Engenheiros-e-Arquitetos-de-Taubat%c3%a9-AEAT-620651287980989\/\" \/>\n<meta property=\"article:published_time\" content=\"2025-09-23T13:26:04+00:00\" \/>\n<meta property=\"article:modified_time\" content=\"2025-09-24T13:45:48+00:00\" \/>\n<meta property=\"og:image\" content=\"https:\/\/aeat.com.br\/aeat\/wp-content\/uploads\/2025\/09\/20250922_115210-1-1024x577.jpg\" \/>\n<meta name=\"author\" content=\"ative\" \/>\n<meta name=\"twitter:card\" content=\"summary_large_image\" \/>\n<meta name=\"twitter:label1\" content=\"Escrito por\" \/>\n\t<meta name=\"twitter:data1\" content=\"ative\" \/>\n\t<meta name=\"twitter:label2\" content=\"Est. tempo de leitura\" \/>\n\t<meta name=\"twitter:data2\" content=\"1 minuto\" \/>\n<script type=\"application\/ld+json\" class=\"yoast-schema-graph\">{\"@context\":\"https:\/\/schema.org\",\"@graph\":[{\"@type\":\"WebPage\",\"@id\":\"https:\/\/aeat.com.br\/aeat\/programa-engenharia-e-voce-construindo-com-o-futuro-na-radio-99\/\",\"url\":\"https:\/\/aeat.com.br\/aeat\/programa-engenharia-e-voce-construindo-com-o-futuro-na-radio-99\/\",\"name\":\"Programa 'Engenharia e Voc\u00ea - Construindo com o futuro' na R\u00e1dio 99 - AEAT\",\"isPartOf\":{\"@id\":\"https:\/\/aeat.com.br\/aeat\/#website\"},\"primaryImageOfPage\":{\"@id\":\"https:\/\/aeat.com.br\/aeat\/programa-engenharia-e-voce-construindo-com-o-futuro-na-radio-99\/#primaryimage\"},\"image\":{\"@id\":\"https:\/\/aeat.com.br\/aeat\/programa-engenharia-e-voce-construindo-com-o-futuro-na-radio-99\/#primaryimage\"},\"thumbnailUrl\":\"https:\/\/aeat.com.br\/aeat\/wp-content\/uploads\/2025\/09\/20250922_115210-1-1024x577.jpg\",\"datePublished\":\"2025-09-23T13:26:04+00:00\",\"dateModified\":\"2025-09-24T13:45:48+00:00\",\"author\":{\"@id\":\"https:\/\/aeat.com.br\/aeat\/#\/schema\/person\/7a7aba9b3b1fe8eadad89e10bdbfb36c\"},\"breadcrumb\":{\"@id\":\"https:\/\/aeat.com.br\/aeat\/programa-engenharia-e-voce-construindo-com-o-futuro-na-radio-99\/#breadcrumb\"},\"inLanguage\":\"pt-BR\",\"potentialAction\":[{\"@type\":\"ReadAction\",\"target\":[\"https:\/\/aeat.com.br\/aeat\/programa-engenharia-e-voce-construindo-com-o-futuro-na-radio-99\/\"]}]},{\"@type\":\"ImageObject\",\"inLanguage\":\"pt-BR\",\"@id\":\"https:\/\/aeat.com.br\/aeat\/programa-engenharia-e-voce-construindo-com-o-futuro-na-radio-99\/#primaryimage\",\"url\":\"https:\/\/aeat.com.br\/aeat\/wp-content\/uploads\/2025\/09\/20250922_115210-1-scaled.jpg\",\"contentUrl\":\"https:\/\/aeat.com.br\/aeat\/wp-content\/uploads\/2025\/09\/20250922_115210-1-scaled.jpg\",\"width\":2560,\"height\":1441},{\"@type\":\"BreadcrumbList\",\"@id\":\"https:\/\/aeat.com.br\/aeat\/programa-engenharia-e-voce-construindo-com-o-futuro-na-radio-99\/#breadcrumb\",\"itemListElement\":[{\"@type\":\"ListItem\",\"position\":1,\"name\":\"Home\",\"item\":\"https:\/\/aeat.com.br\/aeat\/\"},{\"@type\":\"ListItem\",\"position\":2,\"name\":\"Programa &#8216;Engenharia e Voc\u00ea &#8211; Construindo com o futuro&#8217; na R\u00e1dio 99\"}]},{\"@type\":\"WebSite\",\"@id\":\"https:\/\/aeat.com.br\/aeat\/#website\",\"url\":\"https:\/\/aeat.com.br\/aeat\/\",\"name\":\"AEAT\",\"description\":\"Associa\u00e7\u00e3o dos Engenheiros e Arquitetos de Taubat\u00e9\",\"potentialAction\":[{\"@type\":\"SearchAction\",\"target\":{\"@type\":\"EntryPoint\",\"urlTemplate\":\"https:\/\/aeat.com.br\/aeat\/?s={search_term_string}\"},\"query-input\":\"required name=search_term_string\"}],\"inLanguage\":\"pt-BR\"},{\"@type\":\"Person\",\"@id\":\"https:\/\/aeat.com.br\/aeat\/#\/schema\/person\/7a7aba9b3b1fe8eadad89e10bdbfb36c\",\"name\":\"ative\",\"image\":{\"@type\":\"ImageObject\",\"inLanguage\":\"pt-BR\",\"@id\":\"https:\/\/aeat.com.br\/aeat\/#\/schema\/person\/image\/\",\"url\":\"https:\/\/secure.gravatar.com\/avatar\/3a473cac679c11d09ffe7e439997b593?s=96&d=mm&r=g\",\"contentUrl\":\"https:\/\/secure.gravatar.com\/avatar\/3a473cac679c11d09ffe7e439997b593?s=96&d=mm&r=g\",\"caption\":\"ative\"}}]}<\/script>\n<!-- \/ Yoast SEO plugin. -->","yoast_head_json":{"title":"Programa 'Engenharia e Voc\u00ea - Construindo com o futuro' na R\u00e1dio 99 - AEAT","robots":{"index":"index","follow":"follow","max-snippet":"max-snippet:-1","max-image-preview":"max-image-preview:large","max-video-preview":"max-video-preview:-1"},"canonical":"https:\/\/aeat.com.br\/aeat\/programa-engenharia-e-voce-construindo-com-o-futuro-na-radio-99\/","og_locale":"pt_BR","og_type":"article","og_title":"Programa 'Engenharia e Voc\u00ea - Construindo com o futuro' na R\u00e1dio 99 - AEAT","og_description":"O Prof. Eng. Ivair Alves dos Santos, docente da UNITAU, Conselheiro do CREA-SP e membro da diretoria de AEAT, participou ...","og_url":"https:\/\/aeat.com.br\/aeat\/programa-engenharia-e-voce-construindo-com-o-futuro-na-radio-99\/","og_site_name":"AEAT","article_publisher":"https:\/\/www.facebook.com\/Associa%c3%a7%c3%a3o-dos-Engenheiros-e-Arquitetos-de-Taubat%c3%a9-AEAT-620651287980989\/","article_published_time":"2025-09-23T13:26:04+00:00","article_modified_time":"2025-09-24T13:45:48+00:00","og_image":[{"url":"https:\/\/aeat.com.br\/aeat\/wp-content\/uploads\/2025\/09\/20250922_115210-1-1024x577.jpg"}],"author":"ative","twitter_card":"summary_large_image","twitter_misc":{"Escrito por":"ative","Est. tempo de leitura":"1 minuto"},"schema":{"@context":"https:\/\/schema.org","@graph":[{"@type":"WebPage","@id":"https:\/\/aeat.com.br\/aeat\/programa-engenharia-e-voce-construindo-com-o-futuro-na-radio-99\/","url":"https:\/\/aeat.com.br\/aeat\/programa-engenharia-e-voce-construindo-com-o-futuro-na-radio-99\/","name":"Programa 'Engenharia e Voc\u00ea - Construindo com o futuro' na R\u00e1dio 99 - AEAT","isPartOf":{"@id":"https:\/\/aeat.com.br\/aeat\/#website"},"primaryImageOfPage":{"@id":"https:\/\/aeat.com.br\/aeat\/programa-engenharia-e-voce-construindo-com-o-futuro-na-radio-99\/#primaryimage"},"image":{"@id":"https:\/\/aeat.com.br\/aeat\/programa-engenharia-e-voce-construindo-com-o-futuro-na-radio-99\/#primaryimage"},"thumbnailUrl":"https:\/\/aeat.com.br\/aeat\/wp-content\/uploads\/2025\/09\/20250922_115210-1-1024x577.jpg","datePublished":"2025-09-23T13:26:04+00:00","dateModified":"2025-09-24T13:45:48+00:00","author":{"@id":"https:\/\/aeat.com.br\/aeat\/#\/schema\/person\/7a7aba9b3b1fe8eadad89e10bdbfb36c"},"breadcrumb":{"@id":"https:\/\/aeat.com.br\/aeat\/programa-engenharia-e-voce-construindo-com-o-futuro-na-radio-99\/#breadcrumb"},"inLanguage":"pt-BR","potentialAction":[{"@type":"ReadAction","target":["https:\/\/aeat.com.br\/aeat\/programa-engenharia-e-voce-construindo-com-o-futuro-na-radio-99\/"]}]},{"@type":"ImageObject","inLanguage":"pt-BR","@id":"https:\/\/aeat.com.br\/aeat\/programa-engenharia-e-voce-construindo-com-o-futuro-na-radio-99\/#primaryimage","url":"https:\/\/aeat.com.br\/aeat\/wp-content\/uploads\/2025\/09\/20250922_115210-1-scaled.jpg","contentUrl":"https:\/\/aeat.com.br\/aeat\/wp-content\/uploads\/2025\/09\/20250922_115210-1-scaled.jpg","width":2560,"height":1441},{"@type":"BreadcrumbList","@id":"https:\/\/aeat.com.br\/aeat\/programa-engenharia-e-voce-construindo-com-o-futuro-na-radio-99\/#breadcrumb","itemListElement":[{"@type":"ListItem","position":1,"name":"Home","item":"https:\/\/aeat.com.br\/aeat\/"},{"@type":"ListItem","position":2,"name":"Programa &#8216;Engenharia e Voc\u00ea &#8211; Construindo com o futuro&#8217; na R\u00e1dio 99"}]},{"@type":"WebSite","@id":"https:\/\/aeat.com.br\/aeat\/#website","url":"https:\/\/aeat.com.br\/aeat\/","name":"AEAT","description":"Associa\u00e7\u00e3o dos Engenheiros e Arquitetos de Taubat\u00e9","potentialAction":[{"@type":"SearchAction","target":{"@type":"EntryPoint","urlTemplate":"https:\/\/aeat.com.br\/aeat\/?s={search_term_string}"},"query-input":"required name=search_term_string"}],"inLanguage":"pt-BR"},{"@type":"Person","@id":"https:\/\/aeat.com.br\/aeat\/#\/schema\/person\/7a7aba9b3b1fe8eadad89e10bdbfb36c","name":"ative","image":{"@type":"ImageObject","inLanguage":"pt-BR","@id":"https:\/\/aeat.com.br\/aeat\/#\/schema\/person\/image\/","url":"https:\/\/secure.gravatar.com\/avatar\/3a473cac679c11d09ffe7e439997b593?s=96&d=mm&r=g","contentUrl":"https:\/\/secure.gravatar.com\/avatar\/3a473cac679c11d09ffe7e439997b593?s=96&d=mm&r=g","caption":"ative"}}]}},"_links":{"self":[{"href":"https:\/\/aeat.com.br\/aeat\/wp-json\/wp\/v2\/posts\/6351"}],"collection":[{"href":"https:\/\/aeat.com.br\/aeat\/wp-json\/wp\/v2\/posts"}],"about":[{"href":"https:\/\/aeat.com.br\/aeat\/wp-json\/wp\/v2\/types\/post"}],"author":[{"embeddable":true,"href":"https:\/\/aeat.com.br\/aeat\/wp-json\/wp\/v2\/users\/2"}],"replies":[{"embeddable":true,"href":"https:\/\/aeat.com.br\/aeat\/wp-json\/wp\/v2\/comments?post=6351"}],"version-history":[{"count":1,"href":"https:\/\/aeat.com.br\/aeat\/wp-json\/wp\/v2\/posts\/6351\/revisions"}],"predecessor-version":[{"id":6354,"href":"https:\/\/aeat.com.br\/aeat\/wp-json\/wp\/v2\/posts\/6351\/revisions\/6354"}],"wp:attachment":[{"href":"https:\/\/aeat.com.br\/aeat\/wp-json\/wp\/v2\/media?parent=6351"}],"wp:term":[{"taxonomy":"category","embeddable":true,"href":"https:\/\/aeat.com.br\/aeat\/wp-json\/wp\/v2\/categories?post=6351"},{"taxonomy":"post_tag","embeddable":true,"href":"https:\/\/aeat.com.br\/aeat\/wp-json\/wp\/v2\/tags?post=6351"}],"curies":[{"name":"wp","href":"https:\/\/api.w.org\/{rel}","templated":true}]}}